{"id":4028,"date":"2021-10-20T21:51:08","date_gmt":"2021-10-20T19:51:08","guid":{"rendered":"http:\/\/www.csdz.cz\/?p=4028"},"modified":"2021-10-20T21:51:08","modified_gmt":"2021-10-20T19:51:08","slug":"den-otevrenych-dveri","status":"publish","type":"post","link":"https:\/\/design.csdz.cz\/design\/den-otevrenych-dveri","title":{"rendered":"Den otev\u0159en\u00fdch dve\u0159\u00ed"},"content":{"rendered":"<p><strong><a href=\"http:\/\/www.csdz.cz\/wp-content\/uploads\/2014\/07\/Den-otevrenych-dveri-A5-EU.jpg\"><br \/>\n<\/a><\/strong>\u010cesk\u00e1 spole\u010dnost pro du\u0161evn\u00ed zdrav\u00ed<\/p>\n<p>V\u00e1s zve na:<\/p>\n<p>DEN OTEV\u0158EN\u00ddCH DVE\u0158\u00cd<\/p>\n<p>Komunitn\u00edho centra ZVONA\u0158OVA<\/p>\n<p>v \u00fater\u00fd 26. \u0159\u00edjna od 10:00 do 15:00 hodin<\/p>\n<p>ZVONA\u0158OVA 6, Praha 3 \u2013 \u017di\u017ekov<\/p>\n<p>5 min. ch\u016fz\u00ed od stanice metra \u201eA\u201c Ji\u0159\u00edho z Pod\u011bbrad<\/p>\n<p>Program:<\/p>\n<p>M\u016f\u017eete se nap\u0159\u00edklad t\u011b\u0161it na:<\/p>\n<ul>\n<li><em>informace o nov\u00fdch programech<\/em><\/li>\n<li><em>\u010dten\u00ed z knihy Vitam\u00edny pro du\u0161i<\/em><\/li>\n<li><em>a n\u011bco dobr\u00e9ho k\u00a0zakousnut\u00ed\u2026<\/em><\/li>\n<\/ul>\n<p>&nbsp;<\/p>\n<p>Dnem V\u00e1s provedou<\/p>\n<p>Lenka Fl\u00e1\u0161arov\u00e1, Michal Ka\u0161par, B\u0159etislav Ko\u0161\u0165\u00e1l a dal\u0161\u00ed lid\u00e9 z\u00a0t\u00fdmu. T\u011b\u0161\u00edme se na v\u00e1s.<\/p>\n<p><a href=\"http:\/\/www.csdz.cz\/wp-content\/uploads\/2014\/07\/Den-otevrenych-dveri-A5-EU.jpg\"><img loading=\"lazy\" decoding=\"async\" class=\"aligncenter size-large wp-image-4024\" src=\"http:\/\/www.csdz.cz\/wp-content\/uploads\/2014\/07\/Den-otevrenych-dveri-A5-EU-1024x829.jpg\" alt=\"Den otevrenych dveri A5 EU\" width=\"727\" height=\"589\" srcset=\"https:\/\/design.csdz.cz\/design\/wp-content\/uploads\/2014\/07\/Den-otevrenych-dveri-A5-EU-1024x829.jpg 1024w, https:\/\/design.csdz.cz\/design\/wp-content\/uploads\/2014\/07\/Den-otevrenych-dveri-A5-EU-300x243.jpg 300w, https:\/\/design.csdz.cz\/design\/wp-content\/uploads\/2014\/07\/Den-otevrenych-dveri-A5-EU-768x622.jpg 768w, https:\/\/design.csdz.cz\/design\/wp-content\/uploads\/2014\/07\/Den-otevrenych-dveri-A5-EU-1536x1244.jpg 1536w, https:\/\/design.csdz.cz\/design\/wp-content\/uploads\/2014\/07\/Den-otevrenych-dveri-A5-EU-2048x1658.jpg 2048w\" sizes=\"auto, (max-width: 727px) 100vw, 727px\" \/><\/a><\/p>\n<p>&nbsp;<\/p>\n<p>&nbsp;<\/p>\n","protected":false},"excerpt":{"rendered":"<p>\u010cesk\u00e1 spole\u010dnost pro du\u0161evn\u00ed zdrav\u00ed V\u00e1s zve na: DEN OTEV\u0158EN\u00ddCH DVE\u0158\u00cd Komunitn\u00edho centra ZVONA\u0158OVA v \u00fater\u00fd 26. \u0159\u00edjna od 10:00 do 15:00 hodin ZVONA\u0158OVA 6, Praha 3 \u2013 \u017di\u017ekov 5 min. ch\u016fz\u00ed od stanice metra \u201eA\u201c Ji\u0159\u00edho z Pod\u011bbrad Program: M\u016f\u017eete se nap\u0159\u00edklad t\u011b\u0161it na: informace o nov\u00fdch programech \u010dten\u00ed z knihy Vitam\u00edny pro du\u0161i [&hellip;]<\/p>\n","protected":false},"author":1,"featured_media":2370,"comment_status":"closed","ping_status":"closed","sticky":false,"template":"","format":"standard","meta":{"footnotes":""},"categories":[2,6],"tags":[],"class_list":["post-4028","post","type-post","status-publish","format-standard","has-post-thumbnail","hentry","category-akce","category-nezarazene"],"_links":{"self":[{"href":"https:\/\/design.csdz.cz\/design\/wp-json\/wp\/v2\/posts\/4028","targetHints":{"allow":["GET"]}}],"collection":[{"href":"https:\/\/design.csdz.cz\/design\/wp-json\/wp\/v2\/posts"}],"about":[{"href":"https:\/\/design.csdz.cz\/design\/wp-json\/wp\/v2\/types\/post"}],"author":[{"embeddable":true,"href":"https:\/\/design.csdz.cz\/design\/wp-json\/wp\/v2\/users\/1"}],"replies":[{"embeddable":true,"href":"https:\/\/design.csdz.cz\/design\/wp-json\/wp\/v2\/comments?post=4028"}],"version-history":[{"count":0,"href":"https:\/\/design.csdz.cz\/design\/wp-json\/wp\/v2\/posts\/4028\/revisions"}],"wp:featuredmedia":[{"embeddable":true,"href":"https:\/\/design.csdz.cz\/design\/wp-json\/wp\/v2\/media\/2370"}],"wp:attachment":[{"href":"https:\/\/design.csdz.cz\/design\/wp-json\/wp\/v2\/media?parent=4028"}],"wp:term":[{"taxonomy":"category","embeddable":true,"href":"https:\/\/design.csdz.cz\/design\/wp-json\/wp\/v2\/categories?post=4028"},{"taxonomy":"post_tag","embeddable":true,"href":"https:\/\/design.csdz.cz\/design\/wp-json\/wp\/v2\/tags?post=4028"}],"curies":[{"name":"wp","href":"https:\/\/api.w.org\/{rel}","templated":true}]}}