{"id":2730,"date":"2015-11-12T21:02:39","date_gmt":"2015-11-12T20:02:39","guid":{"rendered":"http:\/\/www.csdz.cz\/?p=2730"},"modified":"2015-11-12T21:02:39","modified_gmt":"2015-11-12T20:02:39","slug":"navsteva-norskych-partneru","status":"publish","type":"post","link":"https:\/\/design.csdz.cz\/design\/navsteva-norskych-partneru","title":{"rendered":"N\u00e1v\u0161t\u011bva norsk\u00fdch partner\u016f"},"content":{"rendered":"<p>Ve dnech 24.10 &#8211; 28.10. jsme nav\u0161t\u00edvili na\u0161e norsk\u00e9 partnery v Oslu. Z\u00fa\u010dastnili jsme se v\u00fdro\u010dn\u00edho zased\u00e1n\u00ed partnersk\u00e9 organizace Mental helse Ungdom, setkali jsme se se z\u00e1stupci Radet for mental helse a tak\u00e9 nav\u0161t\u00edvili Centrum pro du\u0161evn\u00ed zdrav\u00ed (District psychiatrisk centre) v Oslu. Tak\u00e9 jsme se pod\u00edvali na <a href=\"http:\/\/www.csdz.cz\/aktuality\/fotogalerie\/\" target=\"_blank\">Konec sv\u011bta (Verdens Ende)<\/a>. Nav\u0161tivte na\u0161i <a href=\"http:\/\/www.csdz.cz\/aktuality\/fotogalerie\/\" target=\"_blank\">fotogalerii<\/a>.<\/p>\n<p>&nbsp;<\/p>\n<p>&nbsp;<\/p>\n<p><img loading=\"lazy\" decoding=\"async\" class=\"alignnone size-medium wp-image-2755\" src=\"http:\/\/www.csdz.cz\/wp-content\/uploads\/2014\/07\/img_0444_22009653023_o-300x225.jpg\" alt=\"img_0444_22009653023_o\" width=\"300\" height=\"225\" srcset=\"https:\/\/design.csdz.cz\/design\/wp-content\/uploads\/2014\/07\/img_0444_22009653023_o-300x225.jpg 300w, https:\/\/design.csdz.cz\/design\/wp-content\/uploads\/2014\/07\/img_0444_22009653023_o-1024x768.jpg 1024w, https:\/\/design.csdz.cz\/design\/wp-content\/uploads\/2014\/07\/img_0444_22009653023_o-768x576.jpg 768w, https:\/\/design.csdz.cz\/design\/wp-content\/uploads\/2014\/07\/img_0444_22009653023_o-1536x1152.jpg 1536w, https:\/\/design.csdz.cz\/design\/wp-content\/uploads\/2014\/07\/img_0444_22009653023_o-2048x1536.jpg 2048w\" sizes=\"auto, (max-width: 300px) 100vw, 300px\" \/>\u00a0 \u00a0 \u00a0 \u00a0<a href=\"http:\/\/www.csdz.cz\/wp-content\/uploads\/2014\/07\/img_0424_22591257486_o.jpg\"><img loading=\"lazy\" decoding=\"async\" class=\"alignnone size-medium wp-image-2749\" src=\"http:\/\/www.csdz.cz\/wp-content\/uploads\/2014\/07\/img_0424_22591257486_o-300x225.jpg\" alt=\"img_0424_22591257486_o\" width=\"300\" height=\"225\" srcset=\"https:\/\/design.csdz.cz\/design\/wp-content\/uploads\/2014\/07\/img_0424_22591257486_o-300x225.jpg 300w, https:\/\/design.csdz.cz\/design\/wp-content\/uploads\/2014\/07\/img_0424_22591257486_o-1024x768.jpg 1024w, https:\/\/design.csdz.cz\/design\/wp-content\/uploads\/2014\/07\/img_0424_22591257486_o-768x576.jpg 768w, https:\/\/design.csdz.cz\/design\/wp-content\/uploads\/2014\/07\/img_0424_22591257486_o-1536x1152.jpg 1536w, https:\/\/design.csdz.cz\/design\/wp-content\/uploads\/2014\/07\/img_0424_22591257486_o-2048x1536.jpg 2048w\" sizes=\"auto, (max-width: 300px) 100vw, 300px\" \/><\/a><\/p>\n","protected":false},"excerpt":{"rendered":"<p>Ve dnech 24.10 &#8211; 28.10. jsme nav\u0161t\u00edvili na\u0161e norsk\u00e9 partnery v Oslu. Z\u00fa\u010dastnili jsme se v\u00fdro\u010dn\u00edho zased\u00e1n\u00ed partnersk\u00e9 organizace Mental helse Ungdom, setkali jsme se se z\u00e1stupci Radet for mental helse a tak\u00e9 nav\u0161t\u00edvili Centrum pro du\u0161evn\u00ed zdrav\u00ed (District psychiatrisk centre) v Oslu. Tak\u00e9 jsme se pod\u00edvali na Konec sv\u011bta (Verdens Ende). Nav\u0161tivte na\u0161i fotogalerii. [&hellip;]<\/p>\n","protected":false},"author":1,"featured_media":2731,"comment_status":"closed","ping_status":"closed","sticky":false,"template":"","format":"standard","meta":{"footnotes":""},"categories":[3],"tags":[],"class_list":["post-2730","post","type-post","status-publish","format-standard","has-post-thumbnail","hentry","category-aktuality"],"_links":{"self":[{"href":"https:\/\/design.csdz.cz\/design\/wp-json\/wp\/v2\/posts\/2730","targetHints":{"allow":["GET"]}}],"collection":[{"href":"https:\/\/design.csdz.cz\/design\/wp-json\/wp\/v2\/posts"}],"about":[{"href":"https:\/\/design.csdz.cz\/design\/wp-json\/wp\/v2\/types\/post"}],"author":[{"embeddable":true,"href":"https:\/\/design.csdz.cz\/design\/wp-json\/wp\/v2\/users\/1"}],"replies":[{"embeddable":true,"href":"https:\/\/design.csdz.cz\/design\/wp-json\/wp\/v2\/comments?post=2730"}],"version-history":[{"count":0,"href":"https:\/\/design.csdz.cz\/design\/wp-json\/wp\/v2\/posts\/2730\/revisions"}],"wp:featuredmedia":[{"embeddable":true,"href":"https:\/\/design.csdz.cz\/design\/wp-json\/wp\/v2\/media\/2731"}],"wp:attachment":[{"href":"https:\/\/design.csdz.cz\/design\/wp-json\/wp\/v2\/media?parent=2730"}],"wp:term":[{"taxonomy":"category","embeddable":true,"href":"https:\/\/design.csdz.cz\/design\/wp-json\/wp\/v2\/categories?post=2730"},{"taxonomy":"post_tag","embeddable":true,"href":"https:\/\/design.csdz.cz\/design\/wp-json\/wp\/v2\/tags?post=2730"}],"curies":[{"name":"wp","href":"https:\/\/api.w.org\/{rel}","templated":true}]}}