{"id":2672,"date":"2015-11-01T20:14:41","date_gmt":"2015-11-01T19:14:41","guid":{"rendered":"http:\/\/www.csdz.cz\/?p=2672"},"modified":"2015-11-01T20:14:41","modified_gmt":"2015-11-01T19:14:41","slug":"kurz-komunikacnich-dovednosti-prihlaste-se","status":"publish","type":"post","link":"https:\/\/design.csdz.cz\/design\/kurz-komunikacnich-dovednosti-prihlaste-se","title":{"rendered":"Kurz komunika\u010dn\u00edch dovednost\u00ed! Voln\u00e1 m\u00edsta!"},"content":{"rendered":"<h4><span style=\"color: #333333;\">Od listopadu m\u00e1me voln\u00e1 m\u00edsta<br \/>\n<\/span><span style=\"color: #333333;\">v Kurzu komunika\u010dn\u00edch dovednost\u00ed!<\/span><\/h4>\n<p><span style=\"color: #333333;\">Kurz je p\u0159edev\u0161\u00edm ur\u010den pro dosp\u011bl\u00e9 lidi se zku\u0161enost\u00ed s du\u0161evn\u00edm onemocn\u011bn\u00edm,<br \/>\nkte\u0159\u00ed cht\u011bj\u00ed zv\u00fd\u0161it sv\u00e9 kompetence v\u00a0z\u00e1kladn\u00edch soci\u00e1ln\u00edch interakc\u00edch se zam\u011b\u0159en\u00edm<br \/>\nna probl\u00e9mov\u00e9 situace, pos\u00edlit sebev\u011bdom\u00ed a adaptivn\u00ed dovednosti v\u00a0mezilidsk\u00e9 komunikaci.<\/span><\/p>\n<p><span style=\"color: #333333;\">Kurz je zam\u011b\u0159en na z\u00edsk\u00e1n\u00ed dovednost\u00ed a schopnost\u00ed n\u00e1cvikem a rozborem\u00a0konkr\u00e9tn\u00edch situac\u00ed.<\/span><\/p>\n<p><span style=\"color: #333333;\"><strong>Kde: <\/strong>\u010cesk\u00e1 spole\u010dnost pro du\u0161evn\u00ed zdrav\u00ed, Zvona\u0159ova 6, Praha 3<\/span><\/p>\n<p><span style=\"color: #333333;\"><strong>Kdy: <\/strong>Pond\u011blky od 16:30 do 18:00 hod.<\/span><\/p>\n<p>&nbsp;<\/p>\n<p><span style=\"color: #333333;\">Spole\u010dn\u011b se zam\u011b\u0159\u00edme na:<\/span><\/p>\n<p><span style=\"color: #333333;\">\u2022 Asertivn\u00ed komunikaci a jej\u00ed vyu\u017eit\u00ed v b\u011b\u017en\u00e9m \u017eivot\u011b<\/span><\/p>\n<p><span style=\"color: #333333;\">\u2022 Um\u011bt \u0159\u00edct NE<\/span><\/p>\n<p><span style=\"color: #333333;\">\u2022 Zvl\u00e1d\u00e1n\u00ed z\u00e1kladn\u00edch asertivn\u00edch technik<\/span><\/p>\n<p><span style=\"color: #333333;\">\u2022 \u0158e\u0161en\u00ed konfliktn\u00edch a probl\u00e9mov\u00fdch situac\u00ed, do kter\u00fdch jste se dostal\/a\u00a0nebo kter\u00e9 V\u00e1s \u010dekaj\u00ed<\/span><\/p>\n<p><span style=\"color: #333333;\">\u2022 Pos\u00edlen\u00ed vlastn\u00ed sebejistoty<\/span><\/p>\n<p><span style=\"color: #333333;\">\u2022 Sn\u00ed\u017een\u00ed \u00farovn\u011b stresu pomoc\u00ed asertivn\u00edho chov\u00e1n\u00ed<\/span><\/p>\n<p>&nbsp;<\/p>\n<hr \/>\n<p>&nbsp;<\/p>\n<p><span style=\"color: #333333;\">Na p\u0159\u00edpadn\u00e9 dal\u0161\u00ed dotazy r\u00e1da odpov\u00edm e-mailem nebo telefonicky.<\/span><\/p>\n<p><span style=\"color: #333333;\">T\u011b\u0161\u00edm se na v\u00e1s <\/span><\/p>\n<p><span style=\"color: #333333;\">Zuzana Zatrochov\u00e1<\/span><\/p>\n<p><span style=\"color: #333333;\">P\u0159ihl\u00e1\u0161ky pos\u00edlejte na e-mail: <a style=\"color: #333333;\" href=\"mailto:zatrochova.z@seznam.cz\">zatrochova.z@seznam.cz<\/a><\/span><\/p>\n<p><span style=\"color: #333333;\">nebo na tel.: 773 622 136<\/span><\/p>\n<p>&nbsp;<\/p>\n<hr \/>\n<p>&nbsp;<\/p>\n<p><span style=\"color: #333333;\">Let\u00e1\u010dek\u00a0ke stazeni:<\/span><\/p>\n<p><a href=\"http:\/\/www.csdz.cz\/wp-content\/uploads\/2015\/11\/KURZ_KOMUNIKACNICH_DOVEDNOSTI.pdf\">KURZ_KOMUNIKACNICH_DOVEDNOSTI<\/a><\/p>\n<p><a href=\"http:\/\/www.csdz.cz\/wp-content\/uploads\/2014\/07\/startup-593324.jpg\"><img loading=\"lazy\" decoding=\"async\" class=\"alignnone size-medium wp-image-2218\" src=\"http:\/\/www.csdz.cz\/wp-content\/uploads\/2014\/07\/startup-593324-300x200.jpg\" alt=\"startup-593324\" width=\"300\" height=\"200\" srcset=\"https:\/\/design.csdz.cz\/design\/wp-content\/uploads\/2014\/07\/startup-593324-300x200.jpg 300w, https:\/\/design.csdz.cz\/design\/wp-content\/uploads\/2014\/07\/startup-593324-1024x683.jpg 1024w, https:\/\/design.csdz.cz\/design\/wp-content\/uploads\/2014\/07\/startup-593324-768x512.jpg 768w, https:\/\/design.csdz.cz\/design\/wp-content\/uploads\/2014\/07\/startup-593324-1536x1024.jpg 1536w, https:\/\/design.csdz.cz\/design\/wp-content\/uploads\/2014\/07\/startup-593324-2048x1365.jpg 2048w\" sizes=\"auto, (max-width: 300px) 100vw, 300px\" \/><\/a><\/p>\n","protected":false},"excerpt":{"rendered":"<p>Od listopadu m\u00e1me voln\u00e1 m\u00edsta v Kurzu komunika\u010dn\u00edch dovednost\u00ed! Kurz je p\u0159edev\u0161\u00edm ur\u010den pro dosp\u011bl\u00e9 lidi se zku\u0161enost\u00ed s du\u0161evn\u00edm onemocn\u011bn\u00edm, kte\u0159\u00ed cht\u011bj\u00ed zv\u00fd\u0161it sv\u00e9 kompetence v\u00a0z\u00e1kladn\u00edch soci\u00e1ln\u00edch interakc\u00edch se zam\u011b\u0159en\u00edm na probl\u00e9mov\u00e9 situace, pos\u00edlit sebev\u011bdom\u00ed a adaptivn\u00ed dovednosti v\u00a0mezilidsk\u00e9 komunikaci. Kurz je zam\u011b\u0159en na z\u00edsk\u00e1n\u00ed dovednost\u00ed a schopnost\u00ed n\u00e1cvikem a rozborem\u00a0konkr\u00e9tn\u00edch situac\u00ed. Kde: \u010cesk\u00e1 [&hellip;]<\/p>\n","protected":false},"author":1,"featured_media":2223,"comment_status":"closed","ping_status":"closed","sticky":false,"template":"","format":"standard","meta":{"footnotes":""},"categories":[3],"tags":[],"class_list":["post-2672","post","type-post","status-publish","format-standard","has-post-thumbnail","hentry","category-aktuality"],"_links":{"self":[{"href":"https:\/\/design.csdz.cz\/design\/wp-json\/wp\/v2\/posts\/2672","targetHints":{"allow":["GET"]}}],"collection":[{"href":"https:\/\/design.csdz.cz\/design\/wp-json\/wp\/v2\/posts"}],"about":[{"href":"https:\/\/design.csdz.cz\/design\/wp-json\/wp\/v2\/types\/post"}],"author":[{"embeddable":true,"href":"https:\/\/design.csdz.cz\/design\/wp-json\/wp\/v2\/users\/1"}],"replies":[{"embeddable":true,"href":"https:\/\/design.csdz.cz\/design\/wp-json\/wp\/v2\/comments?post=2672"}],"version-history":[{"count":0,"href":"https:\/\/design.csdz.cz\/design\/wp-json\/wp\/v2\/posts\/2672\/revisions"}],"wp:featuredmedia":[{"embeddable":true,"href":"https:\/\/design.csdz.cz\/design\/wp-json\/wp\/v2\/media\/2223"}],"wp:attachment":[{"href":"https:\/\/design.csdz.cz\/design\/wp-json\/wp\/v2\/media?parent=2672"}],"wp:term":[{"taxonomy":"category","embeddable":true,"href":"https:\/\/design.csdz.cz\/design\/wp-json\/wp\/v2\/categories?post=2672"},{"taxonomy":"post_tag","embeddable":true,"href":"https:\/\/design.csdz.cz\/design\/wp-json\/wp\/v2\/tags?post=2672"}],"curies":[{"name":"wp","href":"https:\/\/api.w.org\/{rel}","templated":true}]}}